{"id":38,"count":4,"description":"<span class=\"TextRun SCXW111794019 BCX0\" lang=\"PT-BR\" xml:lang=\"PT-BR\" data-contrast=\"auto\"><span class=\"NormalTextRun SCXW111794019 BCX0\">Estudos que inspiram e orientam o desenvolvimento da profiss\u00e3o docente na <\/span><span class=\"NormalTextRun SpellingErrorV2Themed SCXW111794019 BCX0\">Ibero-Am\u00e9rica<\/span><span class=\"NormalTextRun SCXW111794019 BCX0\">.<\/span><\/span><span class=\"EOP SCXW111794019 BCX0\" data-ccp-props=\"{\">\u00a0<\/span>","link":"https:\/\/oes.fundacion-sm.ismeduca.com\/pt-br\/category\/investigacao-oes\/","name":"Investiga\u00e7\u00e3o OES","slug":"investigacao-oes","taxonomy":"category","parent":0,"meta":[],"acf":[],"yoast_head":"<!-- This site is optimized with the Yoast SEO plugin v26.7 - https:\/\/yoast.com\/wordpress\/plugins\/seo\/ -->\n<title>Investiga\u00e7\u00e3o OES archivos - Observat\u00f3rio da escola na Ibero-Am\u00e9rica (OES)<\/title>\n<meta name=\"description\" content=\"Estudos que inspiram e orientam o desenvolvimento da profiss\u00e3o docente na Ibero-Am\u00e9rica.\" \/>\n<meta name=\"robots\" content=\"index, follow, max-snippet:-1, max-image-preview:large, max-video-preview:-1\" \/>\n<link rel=\"canonical\" href=\"https:\/\/oes.fundacion-sm.ismeduca.com\/pt-br\/category\/investigacao-oes\/\" \/>\n<meta property=\"og:locale\" content=\"pt_BR\" \/>\n<meta property=\"og:type\" content=\"article\" \/>\n<meta property=\"og:title\" content=\"Investiga\u00e7\u00e3o OES archivos - Observat\u00f3rio da escola na Ibero-Am\u00e9rica (OES)\" \/>\n<meta property=\"og:description\" content=\"Estudos que inspiram e orientam o desenvolvimento da profiss\u00e3o docente na Ibero-Am\u00e9rica.\" \/>\n<meta property=\"og:url\" content=\"https:\/\/oes.fundacion-sm.ismeduca.com\/pt-br\/category\/investigacao-oes\/\" \/>\n<meta property=\"og:site_name\" content=\"Observat\u00f3rio da escola na Ibero-Am\u00e9rica (OES)\" \/>\n<meta property=\"og:image\" content=\"https:\/\/oes.fundacion-sm.ismeduca.com\/wp-content\/uploads\/sites\/14\/2023\/08\/branding2-1024x576.png\" \/>\n\t<meta property=\"og:image:width\" content=\"1024\" \/>\n\t<meta property=\"og:image:height\" content=\"576\" \/>\n\t<meta property=\"og:image:type\" content=\"image\/png\" \/>\n<meta name=\"twitter:card\" content=\"summary_large_image\" \/>\n<script type=\"application\/ld+json\" class=\"yoast-schema-graph\">{\"@context\":\"https:\/\/schema.org\",\"@graph\":[{\"@type\":\"CollectionPage\",\"@id\":\"https:\/\/oes.fundacion-sm.ismeduca.com\/pt-br\/category\/investigacao-oes\/\",\"url\":\"https:\/\/oes.fundacion-sm.ismeduca.com\/pt-br\/category\/investigacao-oes\/\",\"name\":\"Investiga\u00e7\u00e3o OES archivos - Observat\u00f3rio da escola na Ibero-Am\u00e9rica (OES)\",\"isPartOf\":{\"@id\":\"https:\/\/oes.fundacion-sm.ismeduca.com\/pt-br\/#website\"},\"description\":\"Estudos que inspiram e orientam o desenvolvimento da profiss\u00e3o docente na Ibero-Am\u00e9rica.\",\"breadcrumb\":{\"@id\":\"https:\/\/oes.fundacion-sm.ismeduca.com\/pt-br\/category\/investigacao-oes\/#breadcrumb\"},\"inLanguage\":\"pt-BR\"},{\"@type\":\"BreadcrumbList\",\"@id\":\"https:\/\/oes.fundacion-sm.ismeduca.com\/pt-br\/category\/investigacao-oes\/#breadcrumb\",\"itemListElement\":[{\"@type\":\"ListItem\",\"position\":1,\"name\":\"Portada\",\"item\":\"https:\/\/oes.fundacion-sm.ismeduca.com\/pt-br\/\"},{\"@type\":\"ListItem\",\"position\":2,\"name\":\"Investiga\u00e7\u00e3o OES\"}]},{\"@type\":\"WebSite\",\"@id\":\"https:\/\/oes.fundacion-sm.ismeduca.com\/pt-br\/#website\",\"url\":\"https:\/\/oes.fundacion-sm.ismeduca.com\/pt-br\/\",\"name\":\"Observat\u00f3rio da escola na Ibero-Am\u00e9rica (OES)\",\"description\":\"Funda\u00e7\u00e3o SM\",\"publisher\":{\"@id\":\"https:\/\/oes.fundacion-sm.ismeduca.com\/pt-br\/#organization\"},\"potentialAction\":[{\"@type\":\"SearchAction\",\"target\":{\"@type\":\"EntryPoint\",\"urlTemplate\":\"https:\/\/oes.fundacion-sm.ismeduca.com\/pt-br\/?s={search_term_string}\"},\"query-input\":{\"@type\":\"PropertyValueSpecification\",\"valueRequired\":true,\"valueName\":\"search_term_string\"}}],\"inLanguage\":\"pt-BR\"},{\"@type\":\"Organization\",\"@id\":\"https:\/\/oes.fundacion-sm.ismeduca.com\/pt-br\/#organization\",\"name\":\"Observat\u00f3rio da escola na Ibero-Am\u00e9rica (OES)\",\"url\":\"https:\/\/oes.fundacion-sm.ismeduca.com\/pt-br\/\",\"logo\":{\"@type\":\"ImageObject\",\"inLanguage\":\"pt-BR\",\"@id\":\"https:\/\/oes.fundacion-sm.ismeduca.com\/pt-br\/#\/schema\/logo\/image\/\",\"url\":\"https:\/\/oes.fundacion-sm.ismeduca.com\/wp-content\/uploads\/sites\/14\/2023\/08\/logo-OES-portugues-3.svg\",\"contentUrl\":\"https:\/\/oes.fundacion-sm.ismeduca.com\/wp-content\/uploads\/sites\/14\/2023\/08\/logo-OES-portugues-3.svg\",\"width\":319,\"height\":90,\"caption\":\"Observat\u00f3rio da escola na Ibero-Am\u00e9rica (OES)\"},\"image\":{\"@id\":\"https:\/\/oes.fundacion-sm.ismeduca.com\/pt-br\/#\/schema\/logo\/image\/\"}}]}<\/script>\n<!-- \/ Yoast SEO plugin. -->","yoast_head_json":{"title":"Investiga\u00e7\u00e3o OES archivos - Observat\u00f3rio da escola na Ibero-Am\u00e9rica (OES)","description":"Estudos que inspiram e orientam o desenvolvimento da profiss\u00e3o docente na Ibero-Am\u00e9rica.","robots":{"index":"index","follow":"follow","max-snippet":"max-snippet:-1","max-image-preview":"max-image-preview:large","max-video-preview":"max-video-preview:-1"},"canonical":"https:\/\/oes.fundacion-sm.ismeduca.com\/pt-br\/category\/investigacao-oes\/","og_locale":"pt_BR","og_type":"article","og_title":"Investiga\u00e7\u00e3o OES archivos - Observat\u00f3rio da escola na Ibero-Am\u00e9rica (OES)","og_description":"Estudos que inspiram e orientam o desenvolvimento da profiss\u00e3o docente na Ibero-Am\u00e9rica.","og_url":"https:\/\/oes.fundacion-sm.ismeduca.com\/pt-br\/category\/investigacao-oes\/","og_site_name":"Observat\u00f3rio da escola na Ibero-Am\u00e9rica (OES)","og_image":[{"width":1024,"height":576,"url":"https:\/\/oes.fundacion-sm.ismeduca.com\/wp-content\/uploads\/sites\/14\/2023\/08\/branding2-1024x576.png","type":"image\/png"}],"twitter_card":"summary_large_image","schema":{"@context":"https:\/\/schema.org","@graph":[{"@type":"CollectionPage","@id":"https:\/\/oes.fundacion-sm.ismeduca.com\/pt-br\/category\/investigacao-oes\/","url":"https:\/\/oes.fundacion-sm.ismeduca.com\/pt-br\/category\/investigacao-oes\/","name":"Investiga\u00e7\u00e3o OES archivos - Observat\u00f3rio da escola na Ibero-Am\u00e9rica (OES)","isPartOf":{"@id":"https:\/\/oes.fundacion-sm.ismeduca.com\/pt-br\/#website"},"description":"Estudos que inspiram e orientam o desenvolvimento da profiss\u00e3o docente na Ibero-Am\u00e9rica.","breadcrumb":{"@id":"https:\/\/oes.fundacion-sm.ismeduca.com\/pt-br\/category\/investigacao-oes\/#breadcrumb"},"inLanguage":"pt-BR"},{"@type":"BreadcrumbList","@id":"https:\/\/oes.fundacion-sm.ismeduca.com\/pt-br\/category\/investigacao-oes\/#breadcrumb","itemListElement":[{"@type":"ListItem","position":1,"name":"Portada","item":"https:\/\/oes.fundacion-sm.ismeduca.com\/pt-br\/"},{"@type":"ListItem","position":2,"name":"Investiga\u00e7\u00e3o OES"}]},{"@type":"WebSite","@id":"https:\/\/oes.fundacion-sm.ismeduca.com\/pt-br\/#website","url":"https:\/\/oes.fundacion-sm.ismeduca.com\/pt-br\/","name":"Observat\u00f3rio da escola na Ibero-Am\u00e9rica (OES)","description":"Funda\u00e7\u00e3o SM","publisher":{"@id":"https:\/\/oes.fundacion-sm.ismeduca.com\/pt-br\/#organization"},"potentialAction":[{"@type":"SearchAction","target":{"@type":"EntryPoint","urlTemplate":"https:\/\/oes.fundacion-sm.ismeduca.com\/pt-br\/?s={search_term_string}"},"query-input":{"@type":"PropertyValueSpecification","valueRequired":true,"valueName":"search_term_string"}}],"inLanguage":"pt-BR"},{"@type":"Organization","@id":"https:\/\/oes.fundacion-sm.ismeduca.com\/pt-br\/#organization","name":"Observat\u00f3rio da escola na Ibero-Am\u00e9rica (OES)","url":"https:\/\/oes.fundacion-sm.ismeduca.com\/pt-br\/","logo":{"@type":"ImageObject","inLanguage":"pt-BR","@id":"https:\/\/oes.fundacion-sm.ismeduca.com\/pt-br\/#\/schema\/logo\/image\/","url":"https:\/\/oes.fundacion-sm.ismeduca.com\/wp-content\/uploads\/sites\/14\/2023\/08\/logo-OES-portugues-3.svg","contentUrl":"https:\/\/oes.fundacion-sm.ismeduca.com\/wp-content\/uploads\/sites\/14\/2023\/08\/logo-OES-portugues-3.svg","width":319,"height":90,"caption":"Observat\u00f3rio da escola na Ibero-Am\u00e9rica (OES)"},"image":{"@id":"https:\/\/oes.fundacion-sm.ismeduca.com\/pt-br\/#\/schema\/logo\/image\/"}}]}},"_links":{"self":[{"href":"https:\/\/oes.fundacion-sm.ismeduca.com\/pt-br\/wp-json\/wp\/v2\/categories\/38","targetHints":{"allow":["GET"]}}],"collection":[{"href":"https:\/\/oes.fundacion-sm.ismeduca.com\/pt-br\/wp-json\/wp\/v2\/categories"}],"about":[{"href":"https:\/\/oes.fundacion-sm.ismeduca.com\/pt-br\/wp-json\/wp\/v2\/taxonomies\/category"}],"wp:post_type":[{"href":"https:\/\/oes.fundacion-sm.ismeduca.com\/pt-br\/wp-json\/wp\/v2\/posts?categories=38"}],"curies":[{"name":"wp","href":"https:\/\/api.w.org\/{rel}","templated":true}]}}